{"id":62722,"date":"2026-03-05T12:19:17","date_gmt":"2026-03-05T10:19:17","guid":{"rendered":"https:\/\/www.fnm.um.si\/?p=62722"},"modified":"2026-03-20T10:05:39","modified_gmt":"2026-03-20T08:05:39","slug":"univerza-v-mariboru-tudi-v-studijskem-letu-2025-26-podeljuje-nagrado-za-pedagosko-odlicnost","status":"publish","type":"post","link":"https:\/\/www.fnm.um.si\/index.php\/2026\/03\/05\/univerza-v-mariboru-tudi-v-studijskem-letu-2025-26-podeljuje-nagrado-za-pedagosko-odlicnost\/","title":{"rendered":"Univerza v Mariboru tudi v \u0161tudijskem letu 2025\/26 podeljuje nagrado za pedago\u0161ko odli\u010dnost!"},"content":{"rendered":"<p>Spo\u0161tovane \u0161tudentke, spo\u0161tovani \u0161tudenti, vabimo vas, da sodelujete pri odkrivanju odli\u010dnih pedago\u0161kih zgodb. Nominirajte visoko\u0161olske u\u010diteljice, u\u010ditelje in visoko\u0161olske sodelavke, sodelavce, ki so na vas naredili poseben vtis. \u010ce ste pri njihovem pou\u010devanju prepoznali izjemno kakovost, inovativne pristope ter predanost prenosu znanja, je to odli\u010dna prilo\u017enost, da prispevate k prepoznavanju kakovosti na podro\u010dju pou\u010devanja.<\/p>\n<p><strong>Od nominacije do izbora<\/strong><br \/>\nNominacijo lahko poda <strong>skupina najmanj treh<\/strong> \u0161tudentk, \u0161tudentov (ki v leto\u0161njem \u0161tudijskem letu obiskujete u\u010dno enoto pri nominirancu oz. nominiranki), \u0161tudentski svet fakultete, senat fakultete (na predlog komisije za \u0161tudijske zadeve fakultete) ali vodja \u0161tudijskega programa.<\/p>\n<p><strong>\u010casovnica zbiranja nominacij<br \/>\n<\/strong>Zbiranje nominacij poteka do zaklju\u010dka poletnega izpitnega obdobja teko\u010dega \u0161tudijskega leta. Tako lahko v leto\u0161njem \u0161tudijskem letu 2025\/26 oddate nominacijo do vklju\u010dno <strong>10. julija 2026<\/strong>. Predlagatelji\u00a0podate nominacijo s\u00a0<a href=\"https:\/\/forms.office.com\/Pages\/ResponsePage.aspx?id=TkbxjrYonUSVvuZp7j0IrMaNL-60u5lPjN_8EpOx9k9UNFpWTEFWSEpUOVVHSDVUSFFEN0owT09YMSQlQCNjPTEu\"><strong>spletnim obrazcem<\/strong><\/a>.<\/p>\n<p><strong>Ne zamudite prilo\u017enosti, da izrazite svojo podporo pedago\u0161ki odli\u010dnosti!<\/strong><\/p>\n<p><strong>Vabljeni k oddaji nominacije!\u00a0<\/strong><\/p>\n<p>\ud83c\udf10 Ve\u010d informacij o postopku nominacije in izboru najdete na spletni strani Slu\u017ebe za razvoj in podporo izobra\u017eevanju in \u0161tudiju: <a href=\"https:\/\/didakt.um.si\/odlicnost\/Strani\/default.aspx\"><strong>Pedago\u0161ka odli\u010dnost<\/strong><\/a>.<\/p>\n<p><a href=\"https:\/\/www.fnm.um.si\/wp-content\/uploads\/2026\/03\/UM.si-grafika-pedagoska-odlicnost.png\"><img loading=\"lazy\" decoding=\"async\" class=\"aligncenter wp-image-62724 size-full\" src=\"https:\/\/www.fnm.um.si\/wp-content\/uploads\/2026\/03\/UM.si-grafika-pedagoska-odlicnost.png\" alt=\"\" width=\"500\" height=\"325\" srcset=\"https:\/\/www.fnm.um.si\/wp-content\/uploads\/2026\/03\/UM.si-grafika-pedagoska-odlicnost.png 500w, https:\/\/www.fnm.um.si\/wp-content\/uploads\/2026\/03\/UM.si-grafika-pedagoska-odlicnost-480x312.png 480w\" sizes=\"(min-width: 0px) and (max-width: 480px) 480px, (min-width: 481px) 500px, 100vw\" \/><\/a><\/p>\n<p>&nbsp;<\/p>\n","protected":false},"excerpt":{"rendered":"<p>Spo\u0161tovane \u0161tudentke, spo\u0161tovani \u0161tudenti, vabimo vas, da sodelujete pri odkrivanju odli\u010dnih pedago\u0161kih zgodb. Nominirajte visoko\u0161olske u\u010diteljice, u\u010ditelje in visoko\u0161olske sodelavke, sodelavce, ki so na vas naredili poseben vtis. \u010ce ste pri njihovem pou\u010devanju prepoznali izjemno kakovost, inovativne pristope ter predanost prenosu znanja, je to odli\u010dna prilo\u017enost, da prispevate k prepoznavanju kakovosti na podro\u010dju pou\u010devanja. Od [&hellip;]<\/p>\n","protected":false},"author":1,"featured_media":0,"comment_status":"closed","ping_status":"closed","sticky":false,"template":"","format":"standard","meta":{"_et_pb_use_builder":"","_et_pb_old_content":"","_et_gb_content_width":"","footnotes":""},"categories":[115,107],"tags":[],"class_list":["post-62722","post","type-post","status-publish","format-standard","hentry","category-ns-obvestila","category-razpisi-za-studente"],"publishpress_future_action":{"enabled":false,"date":"2026-05-08 23:07:38","action":"category","newStatus":"draft","terms":[],"taxonomy":"category"},"publishpress_future_workflow_manual_trigger":{"enabledWorkflows":[]},"_links":{"self":[{"href":"https:\/\/www.fnm.um.si\/index.php\/wp-json\/wp\/v2\/posts\/62722","targetHints":{"allow":["GET"]}}],"collection":[{"href":"https:\/\/www.fnm.um.si\/index.php\/wp-json\/wp\/v2\/posts"}],"about":[{"href":"https:\/\/www.fnm.um.si\/index.php\/wp-json\/wp\/v2\/types\/post"}],"author":[{"embeddable":true,"href":"https:\/\/www.fnm.um.si\/index.php\/wp-json\/wp\/v2\/users\/1"}],"replies":[{"embeddable":true,"href":"https:\/\/www.fnm.um.si\/index.php\/wp-json\/wp\/v2\/comments?post=62722"}],"version-history":[{"count":2,"href":"https:\/\/www.fnm.um.si\/index.php\/wp-json\/wp\/v2\/posts\/62722\/revisions"}],"predecessor-version":[{"id":62725,"href":"https:\/\/www.fnm.um.si\/index.php\/wp-json\/wp\/v2\/posts\/62722\/revisions\/62725"}],"wp:attachment":[{"href":"https:\/\/www.fnm.um.si\/index.php\/wp-json\/wp\/v2\/media?parent=62722"}],"wp:term":[{"taxonomy":"category","embeddable":true,"href":"https:\/\/www.fnm.um.si\/index.php\/wp-json\/wp\/v2\/categories?post=62722"},{"taxonomy":"post_tag","embeddable":true,"href":"https:\/\/www.fnm.um.si\/index.php\/wp-json\/wp\/v2\/tags?post=62722"}],"curies":[{"name":"wp","href":"https:\/\/api.w.org\/{rel}","templated":true}]}}