{"id":60831,"date":"2025-11-28T13:03:09","date_gmt":"2025-11-28T11:03:09","guid":{"rendered":"https:\/\/www.fnm.um.si\/?p=60831"},"modified":"2025-12-01T11:03:24","modified_gmt":"2025-12-01T09:03:24","slug":"podelitev-diplom-na-fnm-um-2025","status":"publish","type":"post","link":"https:\/\/www.fnm.um.si\/index.php\/2025\/11\/28\/podelitev-diplom-na-fnm-um-2025\/","title":{"rendered":"Podelitev diplom na FNM UM 2025"},"content":{"rendered":"<p>V \u010detrtek, 27. 11., je potekala slavnostna podelitev diplom. Podelili smo <strong>50 diplom<\/strong> o pridobljeni univerzitetni izobrazbi prve stopnje in <strong>29 diplom<\/strong> o pridobljeni magistrski izobrazbi druge stopnje.<\/p>\n<p>Diplome je podeljeval <strong>dekan Fakultete za naravoslovje in matematiko<\/strong> <strong>red. prof. dr. Iztok Bani\u010d<\/strong>.<br \/>\nOb njem so bili \u0161e:<\/p>\n<ul>\n<li><strong>prodekan za \u0161tudijsko dejavnost izr. prof. dr. Marko Jakovac,<\/strong><\/li>\n<li><strong>prodekanica za pedago\u0161ke programe in sodelovanje s \u0161olstvom red. prof. dr. Mateja Ploj Virti\u010d,<\/strong><\/li>\n<li><strong>prodekan za znanstvenoraziskovalno dejavnost red. prof. dr. Mitja Kaligari\u010d,<\/strong><\/li>\n<li><strong>prodekan za kakovost doc. dr. Andrej Dobovi\u0161ek in<\/strong><\/li>\n<li>prodekanica za \u0161tudentska vpra\u0161anja Mi\u0161el Fridl.<\/li>\n<\/ul>\n<p>Najuspe\u0161nej\u0161im diplomantkam in diplomantom FNM UM podeljuje priznanja <strong>magna cum laude<\/strong> ter <strong>summa cum laude<\/strong>. Gre za priznanja, s katerimi po\u010dastimo tiste, ki so s svojim delom dosegli najvi\u0161je povpre\u010dne ocene.<\/p>\n<p><strong><u>Diplome magna cum laude so prejeli:<\/u><\/strong><\/p>\n<ul>\n<li><strong>\u010cERNESL LUKA <\/strong><\/li>\n<li><strong>JUGOVI\u0106 IGOR <\/strong><\/li>\n<li><strong>SKU\u0160EK MARK <\/strong><\/li>\n<li><strong>TRAFELA LAN <\/strong><\/li>\n<li><strong>\u0160O\u0160TAR PIR\u0160 NU\u0160A <\/strong><\/li>\n<li><strong>\u017dI\u017dEK MATIJA <\/strong><\/li>\n<li><strong>MARSHALL TINA<\/strong><\/li>\n<\/ul>\n<p><strong><u>Diplome summa cum laude so prejeli:<\/u><\/strong><\/p>\n<ul>\n<li><strong>KODRIN MARCEL <\/strong><\/li>\n<li><strong>GALUN MA\u0160A <\/strong><\/li>\n<\/ul>\n<p><em>\u010cestitamo vsem \u2013 diplomantkam, diplomantom, nagrajenkam, nagrajencem!<\/em><\/p>\n<p>In kot je svoj nagovor zaklju\u010dil dekan fakultete:<br \/>\n<em>Naj vse misli pove\u017eem v zaklju\u010dek, ki naj vas spremlja na va\u0161i poti:<br \/>\n<\/em><em>\u010de boste spra\u0161evali prava vpra\u0161anja, kot Cantor, ostali previdni glede neskon\u010dne \u010dlove\u0161ke neumnosti, kot Einstein, ohranjali ob\u010dutek za povezanost z drugimi, kot Darwin, bili doma povsod, kjer boste ustvarjali, kot Nobel, vedno dejavno in ustvarjalno u\u010dili in se u\u010dili, kot Dewey, pogumno posku\u0161ali, padali in nadaljevali tam, kjer stvari delujejo, kot da Vinci, ter ob vsem tem razmi\u0161ljali dovolj kriti\u010dno, da vas ne prevara niti najbolj prepri\u010dljiv stroj, kot bi opozoril Turing \u2014 potem ne boste le pripravljeni na prihodnost; prihodnost bo pripravljena na vas.<\/em><\/p>\n<p>Sre\u010dno!<\/p>\n<p><a href=\"https:\/\/www.fnm.um.si\/index.php\/2025\/12\/01\/podelitev-diplom-fnm-um-27-11-2025-fotogalerija\/\"><strong><span style=\"font-size: 12pt;\">FOTOGALERIJA<\/span><\/strong><\/a><\/p>\n<p><a href=\"https:\/\/www.fnm.um.si\/wp-content\/uploads\/2025\/11\/Podelitev-diplom-NOV25-2.jpg\"><img loading=\"lazy\" decoding=\"async\" class=\"aligncenter wp-image-60835\" src=\"https:\/\/www.fnm.um.si\/wp-content\/uploads\/2025\/11\/Podelitev-diplom-NOV25-2.jpg\" alt=\"\" width=\"650\" height=\"469\" \/><\/a><\/p>\n<p><a href=\"https:\/\/www.fnm.um.si\/wp-content\/uploads\/2025\/11\/Podelitev-diplom-NOV25-1.jpg\"><img loading=\"lazy\" decoding=\"async\" class=\"aligncenter wp-image-60833\" src=\"https:\/\/www.fnm.um.si\/wp-content\/uploads\/2025\/11\/Podelitev-diplom-NOV25-1.jpg\" alt=\"\" width=\"650\" height=\"520\" \/><\/a><\/p>\n","protected":false},"excerpt":{"rendered":"<p>V \u010detrtek, 27. 11., je potekala slavnostna podelitev diplom. Podelili smo 50 diplom o pridobljeni univerzitetni izobrazbi prve stopnje in 29 diplom o pridobljeni magistrski izobrazbi druge stopnje. Diplome je podeljeval dekan Fakultete za naravoslovje in matematiko red. prof. dr. Iztok Bani\u010d. Ob njem so bili \u0161e: prodekan za \u0161tudijsko dejavnost izr. prof. dr. Marko [&hellip;]<\/p>\n","protected":false},"author":1,"featured_media":48626,"comment_status":"closed","ping_status":"closed","sticky":false,"template":"","format":"standard","meta":{"_et_pb_use_builder":"","_et_pb_old_content":"","_et_gb_content_width":"","footnotes":""},"categories":[28,1],"tags":[],"class_list":["post-60831","post","type-post","status-publish","format-standard","has-post-thumbnail","hentry","category-slider-prva-stran","category-uncategorized"],"publishpress_future_action":{"enabled":false,"date":"2026-05-07 22:35:09","action":"category","newStatus":"draft","terms":[],"taxonomy":"category"},"publishpress_future_workflow_manual_trigger":{"enabledWorkflows":[]},"_links":{"self":[{"href":"https:\/\/www.fnm.um.si\/index.php\/wp-json\/wp\/v2\/posts\/60831","targetHints":{"allow":["GET"]}}],"collection":[{"href":"https:\/\/www.fnm.um.si\/index.php\/wp-json\/wp\/v2\/posts"}],"about":[{"href":"https:\/\/www.fnm.um.si\/index.php\/wp-json\/wp\/v2\/types\/post"}],"author":[{"embeddable":true,"href":"https:\/\/www.fnm.um.si\/index.php\/wp-json\/wp\/v2\/users\/1"}],"replies":[{"embeddable":true,"href":"https:\/\/www.fnm.um.si\/index.php\/wp-json\/wp\/v2\/comments?post=60831"}],"version-history":[{"count":3,"href":"https:\/\/www.fnm.um.si\/index.php\/wp-json\/wp\/v2\/posts\/60831\/revisions"}],"predecessor-version":[{"id":60859,"href":"https:\/\/www.fnm.um.si\/index.php\/wp-json\/wp\/v2\/posts\/60831\/revisions\/60859"}],"wp:featuredmedia":[{"embeddable":true,"href":"https:\/\/www.fnm.um.si\/index.php\/wp-json\/wp\/v2\/media\/48626"}],"wp:attachment":[{"href":"https:\/\/www.fnm.um.si\/index.php\/wp-json\/wp\/v2\/media?parent=60831"}],"wp:term":[{"taxonomy":"category","embeddable":true,"href":"https:\/\/www.fnm.um.si\/index.php\/wp-json\/wp\/v2\/categories?post=60831"},{"taxonomy":"post_tag","embeddable":true,"href":"https:\/\/www.fnm.um.si\/index.php\/wp-json\/wp\/v2\/tags?post=60831"}],"curies":[{"name":"wp","href":"https:\/\/api.w.org\/{rel}","templated":true}]}}